{"id":6602,"date":"2022-12-28T20:36:30","date_gmt":"2022-12-28T19:36:30","guid":{"rendered":"https:\/\/xn--arbetsdagarperr-ulb.se\/?p=6602"},"modified":"2026-04-20T20:14:56","modified_gmt":"2026-04-20T18:14:56","slug":"midsommarafton","status":"publish","type":"post","link":"https:\/\/xn--arbetsdagarperr-ulb.se\/nb\/rode-dager\/midtsommeraften\/","title":{"rendered":"Midtsommeraften"},"content":{"rendered":"<p><img loading=\"lazy\" decoding=\"async\" class=\"size-full wp-image-6603\" src=\"https:\/\/xn--arbetsdagarperr-ulb.se\/wp-content\/uploads\/2022\/12\/midsommarafton.jpg\" alt=\"Midsommarafton\" width=\"400\" height=\"600\" srcset=\"https:\/\/xn--arbetsdagarperr-ulb.se\/wp-content\/uploads\/2022\/12\/midsommarafton.jpg 400w, https:\/\/xn--arbetsdagarperr-ulb.se\/wp-content\/uploads\/2022\/12\/midsommarafton-200x300.jpg 200w, https:\/\/xn--arbetsdagarperr-ulb.se\/wp-content\/uploads\/2022\/12\/midsommarafton-8x12.jpg 8w\" sizes=\"auto, (max-width: 400px) 100vw, 400px\" \/><\/p>\n<h2>Midsommarafton: En viktig tradition i svensk kultur<\/h2>\n<p>Midsommarafton \u00e4r en viktig helg i Sverige och andra nordiska l\u00e4nder, som firas p\u00e5 l\u00e4ngsta dagen p\u00e5 \u00e5ret. Det \u00e4r en tid f\u00f6r gl\u00e4dje, firande och sommarens ankomst. Helgen har sina r\u00f6tter i hedendomen, d\u00e5 den firades som en h\u00f6gtid till \u00e4ra f\u00f6r solen. Idag \u00e4r Midsommarafton en av de mest \u00e4lskade helgerna i Sverige, och firandet skiljer sig \u00e5t mellan olika delar av landet.<\/p>\n<h2>Firandet av Midsommarafton genom tiderna: Fr\u00e5n hedendom till modern festlighet<\/h2>\n<p>Midsommarafton har sitt ursprung i hedendomen, d\u00e5 den firades som en h\u00f6gtid till \u00e4ra f\u00f6r solen. Helgen var en symbol f\u00f6r att sommaren hade kommit och att v\u00e4rmen och ljuset skulle \u00e5terv\u00e4nda. Med tiden har firandet av Midsommarafton utvecklats och anpassats till den kristna tron, men m\u00e5nga av de traditionella aktiviteterna har bevarats.<\/p>\n<p>I moderna Sverige firas Midsommarafton den 20-22 juni varje \u00e5r, och helgen \u00e4r en av de mest popul\u00e4ra helgerna i landet. M\u00e5nga m\u00e4nniskor tar ledigt fr\u00e5n jobbet och \u00e5ker hem till sina familjer f\u00f6r att fira tillsammans. Det finns ocks\u00e5 m\u00e5nga offentliga firanden och evenemang som arrangeras, som t.ex. dans runt majst\u00e5ngen och picknickar i naturen.<\/p>\n<p>Midsommarafton har ocks\u00e5 blivit en viktig turistattraktion, med m\u00e5nga bes\u00f6kare som reser till Sverige f\u00f6r att delta i firandet. Helgen har ocks\u00e5 blivit en symbol f\u00f6r svensk kultur och tradition v\u00e4rlden \u00f6ver.<\/p>\n<h2>S\u00e5 firas Midsommarafton i Sverige: En guide till de traditionella aktiviteterna<\/h2>\n<p>Midsommarafton \u00e4r k\u00e4nd f\u00f6r sina traditionella firanden, som har bevarats genom generationer. En av de mest ikoniska aktiviteterna \u00e4r dansen runt majst\u00e5ngen, d\u00e4r m\u00e4nniskor sjunger och dansar runt en st\u00e5ng dekorerad med blommor och band. Dansen symboliserar solens v\u00e4g genom himlen och \u00e4r en viktig del av firandet.<\/p>\n<p>En annan tradition \u00e4r att plocka blommor och g\u00f6ra kransar att b\u00e4ra p\u00e5 huvudet. M\u00e5nga m\u00e4nniskor v\u00e4ljer att g\u00e5 ut i naturen och plocka sina egna blommor, medan andra k\u00f6per f\u00e4rdigtillverkade kransar.<\/p>\n<p>Det finns ocks\u00e5 en m\u00e4ngd traditionella r\u00e4tter som \u00e4ts under Midsommarafton, s\u00e5som sill och sm\u00f6rg\u00e5sbord. Sill \u00e4r en typ av inlagd fisk som \u00e4r mycket popul\u00e4r i Sverige, medan sm\u00f6rg\u00e5sbord \u00e4r en m\u00e5ltid best\u00e5ende av en m\u00e4ngd olika f\u00f6rr\u00e4tter, varmr\u00e4tter och desserter.<\/p>\n<h2>Minnen fr\u00e5n Midsommarafton: En personlig ber\u00e4ttelse om firandet av sommarens h\u00f6gtid<\/h2>\n<p>Midsommarafton \u00e4r en helg som alltid har varit speciell f\u00f6r mig. Jag minns hur jag som barn alltid vaknade upp tidigt p\u00e5 morgonen f\u00f6r att g\u00e5 ut och plocka blommor tillsammans med min familj. Sedan \u00e5kte vi hem och lagade en stor middag tillsammans, med alla olika sorters sill och sm\u00f6rg\u00e5sbord som vi \u00e4lskade. Efter middagen var det dags att dansa runt majst\u00e5ngen, och jag minns hur glatt jag skrattade n\u00e4r jag snurrade runt med mina v\u00e4nner.<\/p>\n<p>\u00c4ven om jag inte l\u00e4ngre \u00e4r barn, \u00e4r Midsommarafton fortfarande en av mina favorithelger p\u00e5 \u00e5ret. Jag ser alltid fram emot att f\u00e5 tr\u00e4ffa min familj och v\u00e4nner och fira tillsammans, och att f\u00e5 njuta av alla de h\u00e4rliga traditionerna som h\u00f6r till helgen.<\/p>\n<p>[lnu] \u2014 visar kort l\u00e4nk<br \/>\n[lnu qr=&#8221;true&#8221;] \u2014 visar QR-kod<\/p>\n","protected":false},"excerpt":{"rendered":"<p>Midtsommaraften: En viktig tradisjon i svensk kultur Midtsommaraften er en viktig helg i Sverige og andre nordiske land, som feires p\u00e5 \u00e5rets lengste dag. Det er en tid for glede, feiring og sommerens ankomst. Helgen har sine r\u00f8tter i hedenskap, da den ble feiret som en h\u00f8ytid til \u00e6re for solen. I dag er det midtsommeraften...<\/p>\n<p class=\"read-more\"> <a class=\"\" href=\"https:\/\/xn--arbetsdagarperr-ulb.se\/nb\/rode-dager\/midtsommeraften\/\"> <span class=\"screen-reader-text\">Midtsommeraften<\/span> Les mer &quot;<\/a><\/p>","protected":false},"author":1,"featured_media":0,"comment_status":"closed","ping_status":"open","sticky":false,"template":"","format":"standard","meta":{"site-sidebar-layout":"default","site-content-layout":"default","ast-main-header-display":"","ast-hfb-above-header-display":"","ast-hfb-below-header-display":"","ast-hfb-mobile-header-display":"","site-post-title":"","ast-breadcrumbs-content":"","ast-featured-img":"","footer-sml-layout":"","theme-transparent-header-meta":"default","adv-header-id-meta":"","stick-header-meta":"","header-above-stick-meta":"","header-main-stick-meta":"","header-below-stick-meta":"","footnotes":""},"categories":[4],"tags":[],"class_list":["post-6602","post","type-post","status-publish","format-standard","hentry","category-roda-dagar"],"_links":{"self":[{"href":"https:\/\/xn--arbetsdagarperr-ulb.se\/nb\/wp-json\/wp\/v2\/posts\/6602","targetHints":{"allow":["GET"]}}],"collection":[{"href":"https:\/\/xn--arbetsdagarperr-ulb.se\/nb\/wp-json\/wp\/v2\/posts"}],"about":[{"href":"https:\/\/xn--arbetsdagarperr-ulb.se\/nb\/wp-json\/wp\/v2\/types\/post"}],"author":[{"embeddable":true,"href":"https:\/\/xn--arbetsdagarperr-ulb.se\/nb\/wp-json\/wp\/v2\/users\/1"}],"replies":[{"embeddable":true,"href":"https:\/\/xn--arbetsdagarperr-ulb.se\/nb\/wp-json\/wp\/v2\/comments?post=6602"}],"version-history":[{"count":2,"href":"https:\/\/xn--arbetsdagarperr-ulb.se\/nb\/wp-json\/wp\/v2\/posts\/6602\/revisions"}],"predecessor-version":[{"id":6774,"href":"https:\/\/xn--arbetsdagarperr-ulb.se\/nb\/wp-json\/wp\/v2\/posts\/6602\/revisions\/6774"}],"wp:attachment":[{"href":"https:\/\/xn--arbetsdagarperr-ulb.se\/nb\/wp-json\/wp\/v2\/media?parent=6602"}],"wp:term":[{"taxonomy":"category","embeddable":true,"href":"https:\/\/xn--arbetsdagarperr-ulb.se\/nb\/wp-json\/wp\/v2\/categories?post=6602"},{"taxonomy":"post_tag","embeddable":true,"href":"https:\/\/xn--arbetsdagarperr-ulb.se\/nb\/wp-json\/wp\/v2\/tags?post=6602"}],"curies":[{"name":"wp","href":"https:\/\/api.w.org\/{rel}","templated":true}]}}