{"id":6597,"date":"2022-12-01T15:29:47","date_gmt":"2022-12-01T14:29:47","guid":{"rendered":"https:\/\/xn--arbetsdagarperr-ulb.se\/?p=6597"},"modified":"2022-12-01T15:29:47","modified_gmt":"2022-12-01T14:29:47","slug":"nyarsafton","status":"publish","type":"post","link":"https:\/\/xn--arbetsdagarperr-ulb.se\/is\/raudir-dagar\/gamlarskvold\/","title":{"rendered":"Gaml\u00e1rskv\u00f6ld"},"content":{"rendered":"<h2 style=\"text-align: center;\"><img loading=\"lazy\" decoding=\"async\" class=\"aligncenter size-large wp-image-6598\" src=\"https:\/\/xn--arbetsdagarperr-ulb.se\/wp-content\/uploads\/2022\/12\/nyarsafton-1024x302.jpg\" alt=\"Gaml\u00e1rskv\u00f6ld\" width=\"1024\" height=\"302\" srcset=\"https:\/\/xn--arbetsdagarperr-ulb.se\/wp-content\/uploads\/2022\/12\/nyarsafton-1024x302.jpg 1024w, https:\/\/xn--arbetsdagarperr-ulb.se\/wp-content\/uploads\/2022\/12\/nyarsafton-300x89.jpg 300w, https:\/\/xn--arbetsdagarperr-ulb.se\/wp-content\/uploads\/2022\/12\/nyarsafton-768x227.jpg 768w, https:\/\/xn--arbetsdagarperr-ulb.se\/wp-content\/uploads\/2022\/12\/nyarsafton-18x5.jpg 18w, https:\/\/xn--arbetsdagarperr-ulb.se\/wp-content\/uploads\/2022\/12\/nyarsafton.jpg 1250w\" sizes=\"auto, (max-width: 1024px) 100vw, 1024px\" \/><\/h2>\n<h2>Gaml\u00e1rskv\u00f6ld er fagna\u00f0 \u00ed m\u00f6rgum l\u00f6ndum \u00e1 mismunandi h\u00e1tt<\/h2>\n<p>Gaml\u00e1rskv\u00f6ld er h\u00e1t\u00ed\u00f0 sem haldin er \u00ed m\u00f6rgum l\u00f6ndum um allan heim. \u00cd Sv\u00ed\u00fej\u00f3\u00f0 er gaml\u00e1rskv\u00f6ld haldi\u00f0 31. desember og <a href=\"https:\/\/xn--arbetsdagarperr-ulb.se\/is\/raudir-dagar\/nyarsdag-og-threttanda-dagur-jol\/\">N\u00fd\u00e1rsdagur<\/a> \u00feann 1. jan\u00faar. Gaml\u00e1rskv\u00f6ld er ein vins\u00e6lasta h\u00e1t\u00ed\u00f0in \u00ed Sv\u00ed\u00fej\u00f3\u00f0 og algengt er a\u00f0 fj\u00f6lskyldur og vinir komi saman til a\u00f0 fagna saman. \u00dea\u00f0 eru mismunandi hef\u00f0ir fyrir \u00fev\u00ed hvernig eigi a\u00f0 halda gaml\u00e1rskv\u00f6ld en algengast er a\u00f0 horfa \u00e1 sj\u00f3nvarpi\u00f0 e\u00f0a fara \u00fat og hlusta \u00e1 t\u00f3nlist. Gaml\u00e1rskv\u00f6ld enda oft me\u00f0 \u00fev\u00ed a\u00f0 skj\u00f3ta upp flugeldum e\u00f0a flugeldum \u00e1 mi\u00f0n\u00e6tti. \u00deetta er hef\u00f0 sem \u00e1 uppruna sinn \u00ed r\u00f3mverskum t\u00edmum \u00feegar kveikt var \u00e1 eldav\u00e9lum \u00e1 torginu til a\u00f0 f\u00e6la illa anda fr\u00e1. \u00cd dag eru eldflaugar og flugeldar a\u00f0eins t\u00e1knr\u00e6n bending, en \u00fea\u00f0 er samt mj\u00f6g vins\u00e6l lei\u00f0 til a\u00f0 hringja inn \u00ed n\u00fdtt \u00e1r.<\/p>\n<h2>\u00cd sumum l\u00f6ndum er algengt a\u00f0 dansa, bor\u00f0a og drekka \u00e1 kv\u00f6ldin<\/h2>\n<p>\u00cd sumum l\u00f6ndum er algengt a\u00f0 dansa, bor\u00f0a og drekka \u00e1 kv\u00f6ldin. F\u00f3lk drekkur n\u00fd\u00e1rsdrykki og bor\u00f0ar \u00e1ram\u00f3tamat. Einnig er n\u00fd\u00e1rskv\u00f6ldver\u00f0ur og n\u00fd\u00e1rskv\u00f6ldver\u00f0ur. Allar \u00feessar hef\u00f0ir eiga s\u00e9r s\u00ednar s\u00f6gur. Dans, bor\u00f0a og drekka eru algengar athafnir \u00e1 gaml\u00e1rskv\u00f6ld \u00ed m\u00f6rgum l\u00f6ndum um allan heim. F\u00f3lk drekkur s\u00e9rstaka n\u00fd\u00e1rsdrykki og bor\u00f0ar hef\u00f0bundinn n\u00fd\u00e1rsmat. \u00deeir bor\u00f0a einnig s\u00e9rstaka \u00e1ram\u00f3tam\u00e1lt\u00ed\u00f0ir eins og \u00e1ram\u00f3takv\u00f6ldver\u00f0 og \u00e1ram\u00f3t. \u00cd sumum l\u00f6ndum t\u00ed\u00f0kast l\u00edka a\u00f0 skiptast \u00e1 n\u00fd\u00e1rsgj\u00f6fum vi\u00f0 fj\u00f6lskyldu og vini. Burts\u00e9\u00f0 fr\u00e1 s\u00e9rst\u00f6kum hef\u00f0um, er h\u00e1t\u00ed\u00f0 n\u00fd\u00e1rs d\u00fdrm\u00e6t si\u00f0ur \u00ed m\u00f6rgum menningarheimum.<\/p>\n<h2>\u00d6nnur l\u00f6nd nota gaml\u00e1rskv\u00f6ld til a\u00f0 horfa \u00e1 flugelda e\u00f0a kveikja \u00ed \u00feeim sj\u00e1lf<\/h2>\n<p>\u00cd \u00f6\u00f0rum l\u00f6ndum b\u00faa \u00feeir sig undir \u00e1ram\u00f3tin me\u00f0 mismunandi h\u00e6tti. \u00cd Japan kveikja menn \u00e1 lj\u00f3skerum og brenna eldsprengjur til a\u00f0 f\u00e6la illa anda fr\u00e1. \u00cd Su\u00f0ur-Amer\u00edku er algengt a\u00f0 djamma alla n\u00f3ttina og er flugeldunum skoti\u00f0 upp \u00e1 mi\u00f0n\u00e6tti. \u00c1 Filippseyjum fagnar f\u00f3lk me\u00f0 \u00fev\u00ed a\u00f0 skj\u00f3ta upp flugeldum og \u00ed Su\u00f0austur-As\u00edu voru eldsprengjur nota\u00f0ar \u00e1\u00f0ur fyrr til a\u00f0 f\u00e6la meind\u00fdr fr\u00e1 jar\u00f0arberjum. \u00cd dag fagnar f\u00f3lk hins vegar meira me\u00f0 lasers\u00fdningum og flugeldum \u00ed borginni, \u00ed sta\u00f0 flugelda \u00e1 jar\u00f0arberin. Munurinn \u00e1 \u00fev\u00ed hvernig \u00e1ram\u00f3tum er fagna\u00f0 um allan heim er mikill, en allir hlutar hef\u00f0anna hafa s\u00ednar j\u00e1kv\u00e6\u00f0u hli\u00f0ar. Lasers\u00fdningin \u00ed borginni sj\u00e1 margir, lj\u00f3sker og eldsprengjur f\u00e6la \u00ed burtu illa anda og flugeldarnir skemmta \u00e1 gle\u00f0ilegan h\u00e1tt. Allar hef\u00f0ir hafa \u00feannig s\u00ednar j\u00e1kv\u00e6\u00f0u hli\u00f0ar sem stu\u00f0la a\u00f0 notalegri helgi.<\/p>\n<h2>\u00dea\u00f0 er engin raunveruleg regla um hvernig eigi a\u00f0 halda gaml\u00e1rskv\u00f6ld<\/h2>\n<p>Hvernig heldur\u00f0u venjulega upp \u00e1 gaml\u00e1rskv\u00f6ld? \u00dea\u00f0 er engin raunveruleg regla um hvernig eigi a\u00f0 halda gaml\u00e1rskv\u00f6ld. f\u00f3lk gerir yfirleitt mismunandi hluti \u00e1 gaml\u00e1rskv\u00f6ld. Sumir fara \u00fat og fagna me\u00f0 vinum \u00e1 me\u00f0an a\u00f0rir halda sig heima og fagna me\u00f0 fj\u00f6lskyldunni. Sumir bor\u00f0a s\u00e9rstaka kv\u00f6ldver\u00f0i \u00e1 me\u00f0an a\u00f0rir bor\u00f0a bara venjulega. Hva\u00f0 sem \u00fe\u00fa gerir \u00e1 gaml\u00e1rskv\u00f6ld, mundu a\u00f0 \u00fea\u00f0 er dagur til a\u00f0 fagna og skemmta \u00fe\u00e9r.<\/p>\n<h2>Eigi\u00f0 gott \u00e1ram\u00f3t!<\/h2>\n<p>Eigi\u00f0 fr\u00e1b\u00e6rt gaml\u00e1rskv\u00f6ld allir saman! \u00c9g vona a\u00f0 \u00fei\u00f0 eigi\u00f0 \u00f6ll yndislegt kv\u00f6ld, fullt af gle\u00f0i og hl\u00e1tri. Hvort sem \u00fe\u00fa vakir til a\u00f0 horfa \u00e1 flugeldana e\u00f0a fer\u00f0 \u00e1 djammi\u00f0 vona \u00e9g a\u00f0 \u00fe\u00fa skemmtir \u00fe\u00e9r og skemmtir \u00fe\u00e9r vel. Vi\u00f0 \u00f3skum \u00fe\u00e9r gle\u00f0ilegs og fars\u00e6ls n\u00fds \u00e1rs! \u00c9g \u00f3ska ykkur alls hins besta \u00e1 komandi \u00e1ri. <a href=\"https:\/\/xn--arbetsdagarperr-ulb.se\/is\/dag\/1-januari-2023\/\">Gle\u00f0ilegt n\u00fdtt \u00e1r<\/a>!<\/p>","protected":false},"excerpt":{"rendered":"<p>Gaml\u00e1rskv\u00f6ld er fagna\u00f0 \u00ed m\u00f6rgum l\u00f6ndum \u00e1 mismunandi h\u00e1tt. Gaml\u00e1rskv\u00f6ld er h\u00e1t\u00ed\u00f0 sem er haldin \u00ed m\u00f6rgum l\u00f6ndum um allan heim. \u00cd Sv\u00ed\u00fej\u00f3\u00f0 er gaml\u00e1rskv\u00f6ld haldi\u00f0 31. desember og gaml\u00e1rsdag 1. jan\u00faar. Gaml\u00e1rskv\u00f6ld er ein vins\u00e6lasta h\u00e1t\u00ed\u00f0in \u00ed Sv\u00ed\u00fej\u00f3\u00f0 og algengt er a\u00f0 fj\u00f6lskyldur og vinir komi saman til a\u00f0 fagna...<\/p>\n<p class=\"read-more\"> <a class=\"\" href=\"https:\/\/xn--arbetsdagarperr-ulb.se\/is\/raudir-dagar\/gamlarskvold\/\"> <span class=\"screen-reader-text\">Gaml\u00e1rskv\u00f6ld<\/span> Lestu meira &quot;<\/a><\/p>","protected":false},"author":1,"featured_media":0,"comment_status":"closed","ping_status":"open","sticky":false,"template":"","format":"standard","meta":{"site-sidebar-layout":"default","site-content-layout":"default","ast-main-header-display":"","ast-hfb-above-header-display":"","ast-hfb-below-header-display":"","ast-hfb-mobile-header-display":"","site-post-title":"","ast-breadcrumbs-content":"","ast-featured-img":"","footer-sml-layout":"","theme-transparent-header-meta":"default","adv-header-id-meta":"","stick-header-meta":"","header-above-stick-meta":"","header-main-stick-meta":"","header-below-stick-meta":"","footnotes":""},"categories":[4],"tags":[],"class_list":["post-6597","post","type-post","status-publish","format-standard","hentry","category-roda-dagar"],"_links":{"self":[{"href":"https:\/\/xn--arbetsdagarperr-ulb.se\/is\/wp-json\/wp\/v2\/posts\/6597","targetHints":{"allow":["GET"]}}],"collection":[{"href":"https:\/\/xn--arbetsdagarperr-ulb.se\/is\/wp-json\/wp\/v2\/posts"}],"about":[{"href":"https:\/\/xn--arbetsdagarperr-ulb.se\/is\/wp-json\/wp\/v2\/types\/post"}],"author":[{"embeddable":true,"href":"https:\/\/xn--arbetsdagarperr-ulb.se\/is\/wp-json\/wp\/v2\/users\/1"}],"replies":[{"embeddable":true,"href":"https:\/\/xn--arbetsdagarperr-ulb.se\/is\/wp-json\/wp\/v2\/comments?post=6597"}],"version-history":[{"count":1,"href":"https:\/\/xn--arbetsdagarperr-ulb.se\/is\/wp-json\/wp\/v2\/posts\/6597\/revisions"}],"predecessor-version":[{"id":6599,"href":"https:\/\/xn--arbetsdagarperr-ulb.se\/is\/wp-json\/wp\/v2\/posts\/6597\/revisions\/6599"}],"wp:attachment":[{"href":"https:\/\/xn--arbetsdagarperr-ulb.se\/is\/wp-json\/wp\/v2\/media?parent=6597"}],"wp:term":[{"taxonomy":"category","embeddable":true,"href":"https:\/\/xn--arbetsdagarperr-ulb.se\/is\/wp-json\/wp\/v2\/categories?post=6597"},{"taxonomy":"post_tag","embeddable":true,"href":"https:\/\/xn--arbetsdagarperr-ulb.se\/is\/wp-json\/wp\/v2\/tags?post=6597"}],"curies":[{"name":"wp","href":"https:\/\/api.w.org\/{rel}","templated":true}]}}