{"id":121,"date":"2021-04-11T18:29:37","date_gmt":"2021-04-11T16:29:37","guid":{"rendered":"https:\/\/xn--arbetsdagarperr-ulb.se\/?p=121"},"modified":"2022-04-11T18:34:01","modified_gmt":"2022-04-11T16:34:01","slug":"forsta-maj","status":"publish","type":"post","link":"https:\/\/xn--arbetsdagarperr-ulb.se\/is\/raudir-dagar\/forsta-maj\/","title":{"rendered":"1. ma\u00ed"},"content":{"rendered":"<p><img loading=\"lazy\" decoding=\"async\" class=\"aligncenter size-large wp-image-122\" src=\"https:\/\/xn--arbetsdagarperr-ulb.se\/wp-content\/uploads\/2022\/04\/forsta-maj-1024x683.png\" alt=\"Fyrsti ma\u00ed - 1. ma\u00ed\" width=\"1024\" height=\"683\" srcset=\"https:\/\/xn--arbetsdagarperr-ulb.se\/wp-content\/uploads\/2022\/04\/forsta-maj-1024x683.png 1024w, https:\/\/xn--arbetsdagarperr-ulb.se\/wp-content\/uploads\/2022\/04\/forsta-maj-300x200.png 300w, https:\/\/xn--arbetsdagarperr-ulb.se\/wp-content\/uploads\/2022\/04\/forsta-maj-768x512.png 768w, https:\/\/xn--arbetsdagarperr-ulb.se\/wp-content\/uploads\/2022\/04\/forsta-maj.png 1200w\" sizes=\"auto, (max-width: 1024px) 100vw, 1024px\" \/><\/p>\n<h2 style=\"text-align: center;\"><b>1. ma\u00ed<\/b><\/h2>\n<p><span style=\"font-weight: 400;\">\u00deessi dagur hefur veri\u00f0 haldinn h\u00e1t\u00ed\u00f0legur s\u00ed\u00f0an 1890 og stafar af m\u00f3tm\u00e6lum verkal\u00fd\u00f0shreyfingarinnar. \u00c1ri\u00f0 1890 kraf\u00f0ist seinni al\u00fej\u00f3\u00f0asambandsins \u00e1tta stunda vinnudag. The Second International var samt\u00f6k stofnu\u00f0 \u00ed Par\u00eds en m\u00f3tm\u00e6lin breiddust einnig \u00fat til Sv\u00ed\u00fej\u00f3\u00f0ar \u00e1ri\u00f0 1890. Fyrsti ma\u00ed hefur veri\u00f0 almennur fr\u00eddagur \u00ed Sv\u00ed\u00fej\u00f3\u00f0 s\u00ed\u00f0an 1939. \u00deessi dagur er \u00f6nnur af tveimur (\u00e1samt \u00fej\u00f3\u00f0h\u00e1t\u00ed\u00f0ardeginum) h\u00e1t\u00ed\u00f0um sem teljast \u00f3borgalegar, \u00fe.e \u00e1n tengsla vi\u00f0 s\u00e6nsku kirkjuna. Fyrsti ma\u00ed hefur \u00ed gegnum t\u00ed\u00f0ina ekki a\u00f0eins veri\u00f0 til a\u00f0 s\u00fdna fyrir r\u00e9ttindum launaf\u00f3lks, heldur einnig \u00ed \u00f6\u00f0rum tilgangi eins og edr\u00fa m\u00f3tm\u00e6lum o.fl.\u00a0<\/span><\/p>\n<p><span style=\"font-weight: 400;\">Fyrir i\u00f0nbyltinguna var ma\u00ed einnig haldinn h\u00e1t\u00ed\u00f0legur sem dagur, sumardagurinn fyrsta. \u00dea\u00f0 var dagur \u00feegar skepnunum var hleypt \u00fat \u00e1 haga, sveitarf\u00e9lagi\u00f0 valdi s\u00e9r \u00f6ldung og \u00e1ttu sameiginlegt frumkv\u00e6\u00f0i a\u00f0 endursko\u00f0un b\u00e6ja, gir\u00f0inga og fj\u00e1rhag. H\u00e1t\u00ed\u00f0inni fyrir i\u00f0nbyltinguna fyrsta ma\u00ed lauk me\u00f0 veislu auk \u00feess a\u00f0 drekka merg \u00far beini til a\u00f0 safna kr\u00f6ftum.\u00a0<\/span><\/p>\n<p><span style=\"font-weight: 400;\">Mest \u00e1berandi t\u00e1kni\u00f0 fyrir fyrsta ma\u00ed er kornbl\u00f3m. \u00deetta var fyrst selt \u00ed Gautaborg \u00e1ri\u00f0 1907. Bl\u00f3min sj\u00e1lf hafa j\u00e1kv\u00e6\u00f0a, l\u00edfgefandi t\u00e1knmynd. F\u00e9\u00f0 fr\u00e1 s\u00f6lunni er s\u00f6gulegt og rennur enn til g\u00f3\u00f0ger\u00f0arm\u00e1la, \u00ed flestum tilfellum til vi\u00f0kv\u00e6mra barna.\u00a0<\/span><\/p>\n<p><span style=\"font-weight: 400;\">Ein \u00e1st\u00e6\u00f0a \u00feess a\u00f0 vi\u00f0 h\u00f6ldum 1. ma\u00ed er fj\u00f6ldamor\u00f0in \u00e1 Haymarket, sem \u00e1ttu s\u00e9r sta\u00f0 \u00ed Chicago \u00e1ri\u00f0 1886. Vi\u00f0 m\u00f3tm\u00e6lin m\u00f3tm\u00e6ltu starfsmenn \u00ed a\u00f0eins 8 klukkustundir \u00e1 dag en m\u00e6ttu har\u00f0ri og ofbeldisfullri andst\u00f6\u00f0u l\u00f6greglu. \u00deegar \u00e1 heildina er liti\u00f0 er fyrsti ma\u00ed fr\u00eddagur sem haldinn er svol\u00edti\u00f0 mismunandi eftir \u00fev\u00ed hvar \u00fe\u00fa ert \u00e1 landinu. \u00de\u00fa velur a\u00f0 djamma, spila leiki e\u00f0a s\u00fdna. Yfirr\u00e1\u00f0a\u00feema\u00f0 er a\u00f0 minnsta kosti a\u00f0 f\u00f3lki\u00f0 sameinist \u00e1 opinberum sta\u00f0 \u00ed von um a\u00f0 s\u00fdna stj\u00f3rnarv\u00f6ldunum a\u00f0 \u00fea\u00f0 hafi r\u00f6dd sem vill l\u00e1ta \u00ed s\u00e9r heyra. <\/span><\/p>","protected":false},"excerpt":{"rendered":"<p>Fyrsti ma\u00ed \u00deessi dagur hefur veri\u00f0 haldinn h\u00e1t\u00ed\u00f0legur s\u00ed\u00f0an 1890 og stafar af m\u00f3tm\u00e6lum verkal\u00fd\u00f0shreyfingarinnar. \u00c1ri\u00f0 1890 kraf\u00f0ist seinni al\u00fej\u00f3\u00f0asambandsins \u00e1tta stunda vinnudag. The Second International var samt\u00f6k stofnu\u00f0 \u00ed Par\u00eds en m\u00f3tm\u00e6lin breiddust einnig \u00fat til Sv\u00ed\u00fej\u00f3\u00f0ar \u00e1ri\u00f0 1890. Fyrsti ma\u00ed hefur veri\u00f0 almennur fr\u00eddagur \u00ed Sv\u00ed\u00fej\u00f3\u00f0 s\u00ed\u00f0an 1939. \u00deessi dagur er annar af tveimur (saman...<\/p>\n<p class=\"read-more\"> <a class=\"\" href=\"https:\/\/xn--arbetsdagarperr-ulb.se\/is\/raudir-dagar\/forsta-maj\/\"> <span class=\"screen-reader-text\">1. ma\u00ed<\/span> Lestu meira &quot;<\/a><\/p>","protected":false},"author":1,"featured_media":0,"comment_status":"closed","ping_status":"open","sticky":false,"template":"","format":"standard","meta":{"site-sidebar-layout":"default","site-content-layout":"default","ast-main-header-display":"","ast-hfb-above-header-display":"","ast-hfb-below-header-display":"","ast-hfb-mobile-header-display":"","site-post-title":"disabled","ast-breadcrumbs-content":"","ast-featured-img":"","footer-sml-layout":"","theme-transparent-header-meta":"default","adv-header-id-meta":"","stick-header-meta":"","header-above-stick-meta":"","header-main-stick-meta":"","header-below-stick-meta":"","footnotes":""},"categories":[4],"tags":[],"class_list":["post-121","post","type-post","status-publish","format-standard","hentry","category-roda-dagar"],"_links":{"self":[{"href":"https:\/\/xn--arbetsdagarperr-ulb.se\/is\/wp-json\/wp\/v2\/posts\/121","targetHints":{"allow":["GET"]}}],"collection":[{"href":"https:\/\/xn--arbetsdagarperr-ulb.se\/is\/wp-json\/wp\/v2\/posts"}],"about":[{"href":"https:\/\/xn--arbetsdagarperr-ulb.se\/is\/wp-json\/wp\/v2\/types\/post"}],"author":[{"embeddable":true,"href":"https:\/\/xn--arbetsdagarperr-ulb.se\/is\/wp-json\/wp\/v2\/users\/1"}],"replies":[{"embeddable":true,"href":"https:\/\/xn--arbetsdagarperr-ulb.se\/is\/wp-json\/wp\/v2\/comments?post=121"}],"version-history":[{"count":3,"href":"https:\/\/xn--arbetsdagarperr-ulb.se\/is\/wp-json\/wp\/v2\/posts\/121\/revisions"}],"predecessor-version":[{"id":130,"href":"https:\/\/xn--arbetsdagarperr-ulb.se\/is\/wp-json\/wp\/v2\/posts\/121\/revisions\/130"}],"wp:attachment":[{"href":"https:\/\/xn--arbetsdagarperr-ulb.se\/is\/wp-json\/wp\/v2\/media?parent=121"}],"wp:term":[{"taxonomy":"category","embeddable":true,"href":"https:\/\/xn--arbetsdagarperr-ulb.se\/is\/wp-json\/wp\/v2\/categories?post=121"},{"taxonomy":"post_tag","embeddable":true,"href":"https:\/\/xn--arbetsdagarperr-ulb.se\/is\/wp-json\/wp\/v2\/tags?post=121"}],"curies":[{"name":"wp","href":"https:\/\/api.w.org\/{rel}","templated":true}]}}