{"id":144,"date":"2021-04-05T20:36:50","date_gmt":"2021-04-05T18:36:50","guid":{"rendered":"https:\/\/xn--arbetsdagarperr-ulb.se\/?p=144"},"modified":"2022-04-11T20:41:38","modified_gmt":"2022-04-11T18:41:38","slug":"kristi-himmelsfardsdag","status":"publish","type":"post","link":"https:\/\/xn--arbetsdagarperr-ulb.se\/fi\/punaiset-paivat\/helatorstai\/","title":{"rendered":"Helatorstai"},"content":{"rendered":"<p><img loading=\"lazy\" decoding=\"async\" class=\"aligncenter size-large wp-image-145\" src=\"https:\/\/xn--arbetsdagarperr-ulb.se\/wp-content\/uploads\/2022\/04\/kristi-himmelsfardsdag-1024x425.jpg\" alt=\"Helatorstai\" width=\"1024\" height=\"425\" srcset=\"https:\/\/xn--arbetsdagarperr-ulb.se\/wp-content\/uploads\/2022\/04\/kristi-himmelsfardsdag-1024x425.jpg 1024w, https:\/\/xn--arbetsdagarperr-ulb.se\/wp-content\/uploads\/2022\/04\/kristi-himmelsfardsdag-300x125.jpg 300w, https:\/\/xn--arbetsdagarperr-ulb.se\/wp-content\/uploads\/2022\/04\/kristi-himmelsfardsdag-768x319.jpg 768w, https:\/\/xn--arbetsdagarperr-ulb.se\/wp-content\/uploads\/2022\/04\/kristi-himmelsfardsdag-1536x638.jpg 1536w, https:\/\/xn--arbetsdagarperr-ulb.se\/wp-content\/uploads\/2022\/04\/kristi-himmelsfardsdag.jpg 2048w\" sizes=\"auto, (max-width: 1024px) 100vw, 1024px\" \/><\/p>\n<h2 style=\"text-align: center;\"><b>Helatorstai<\/b><\/h2>\n<p><span style=\"font-weight: 400;\">Juhlan nimi paljastaa. Kristuksen taivaaseenastumisp\u00e4iv\u00e4 osuu 40. p\u00e4iv\u00e4n\u00e4 p\u00e4\u00e4si\u00e4isen j\u00e4lkeen. Viikonloppu perustuu kuun kiertokulkuun, kuten monet muutkin juhlaviikonloput, ja siksi se osuu eri p\u00e4iv\u00e4m\u00e4\u00e4riin joka vuosi. T\u00e4n\u00e4 p\u00e4iv\u00e4n\u00e4 kirkot on koristeltu valkoisella. Kristuksen taivaaseenastumisen aikaan juhlitaan, ett\u00e4 Jeesus l\u00e4hti maan p\u00e4\u00e4lt\u00e4 ja otettiin taivaaseen. Ruotsissa olemme perinteisesti kutsuneet lomaa my\u00f6s laidunvapaudeksi, jolloin el\u00e4imet saivat nyt menn\u00e4 laitumelle. T\u00e4m\u00e4 p\u00e4iv\u00e4 on liitetty my\u00f6s kes\u00e4n ensimm\u00e4iseen p\u00e4iv\u00e4\u00e4n. Talvivaatteet laitetaan pois ja naiset menev\u00e4t paljain jaloin. Helatorstaista on tullut my\u00f6s Met-p\u00e4iv\u00e4n nimi, jolloin nyt alkoi kes\u00e4kalastus. Kansanperinn\u00f6ss\u00e4 p\u00e4iv\u00e4\u00e4 voidaan kutsua my\u00f6s &quot;Kristuksen lent\u00e4j\u00e4ksi&quot;.\u00a0<\/span><\/p>\n<p><span style=\"font-weight: 400;\">Ascension Day osuu aina torstaihin. Kristuksen taivaaseenastumisen aikana on ollut tulipalo kuin valborg. N\u00e4iden tulipalojen tarkoituksena uskotaan olevan susien karkottaminen. Koska Kristuksen taivaaseenastumisen p\u00e4iv\u00e4m\u00e4\u00e4r\u00e4 vaihtelee vuodesta toiseen ja ulottuu 30. huhtikuuta - 3. kes\u00e4kuuta, se voi osua samalle p\u00e4iv\u00e4lle kuin ensimm\u00e4inen toukokuu tai Valborg. T\u00e4st\u00e4 n\u00e4emme luultavasti, ett\u00e4 n\u00e4ill\u00e4 festivaaleilla on tiettyj\u00e4 perinteit\u00e4.\u00a0<\/span><\/p>\n<p><span style=\"font-weight: 400;\">T\u00e4m\u00e4 p\u00e4iv\u00e4 on historiallisesti merkitty vapauden leimalla Ruotsissa. Jotain, mit\u00e4 olemme tehneet kautta aikojen, on tehd\u00e4 vuoden ensimm\u00e4iset retket aikaisin aamulla, joita kutsutaan my\u00f6s &quot;k\u00e4kiksi&quot;. T\u00e4ll\u00e4 tervehdit\u00e4\u00e4n ja toivotetaan tervetulleeksi kev\u00e4tauringon l\u00e4mp\u00f6. K\u00e4ki tehd\u00e4\u00e4n siihen aikaan kev\u00e4\u00e4ll\u00e4, kun k\u00e4ki alkaa galaamaan. Nykyaikana ihmiset yleens\u00e4 menev\u00e4t piknikille ja lintujen tarkkailuun k\u00e4kien alla. Kirkossa jumalanpalveluksia pidet\u00e4\u00e4n yleens\u00e4. Lopuksi, Kristuksen taivaaseenastuminen oli my\u00f6s vapaap\u00e4iv\u00e4 siin\u00e4 mieless\u00e4, ett\u00e4 nuoret saattoivat nyt seurustella ilman vanhempiensa yht\u00e4 tiukkaa vartiointia.\u00a0<\/span><\/p>\n<p><span style=\"font-weight: 400;\">Kirkon ulkopuolella ja modernissa yhteiskunnassa harvat viett\u00e4v\u00e4t helatorstaita erityisist\u00e4 syist\u00e4. On tavallista, ett\u00e4 p\u00e4iv\u00e4 johtaa pitk\u00e4\u00e4n viikonloppuun, jolloin Kristuksen taivaaseenastuminen osuu aina torstaihin ja perjantaista tulee sitten puristava p\u00e4iv\u00e4. Siksi useimmat ihmiset luultavasti ajattelevat, ett\u00e4 p\u00e4iv\u00e4 on jotenkin juhlimisen arvoinen. <\/span><\/p>","protected":false},"excerpt":{"rendered":"<p>Helatorstaita Juhlan nimi on paljastava. Kristuksen taivaaseenastumisp\u00e4iv\u00e4 osuu 40. p\u00e4iv\u00e4n\u00e4 p\u00e4\u00e4si\u00e4isen j\u00e4lkeen. Viikonloppu perustuu kuun kiertokulkuun, kuten monet muutkin juhlaviikonloput, ja siksi se osuu eri p\u00e4iv\u00e4m\u00e4\u00e4riin joka vuosi. T\u00e4n\u00e4 p\u00e4iv\u00e4n\u00e4 kirkot on koristeltu valkoisella. Kristuksen taivaaseenastumisen aikaan juhlitaan, ett\u00e4 Jeesus l\u00e4hti maan p\u00e4\u00e4lt\u00e4 ja otettiin taivaaseen. Ruotsissa meill\u00e4 on historiallisesti\u2026<\/p>\n<p class=\"read-more\"> <a class=\"\" href=\"https:\/\/xn--arbetsdagarperr-ulb.se\/fi\/punaiset-paivat\/helatorstai\/\"> <span class=\"screen-reader-text\">Helatorstai<\/span> Lue lis\u00e4\u00e4 &quot;<\/a><\/p>","protected":false},"author":1,"featured_media":0,"comment_status":"closed","ping_status":"open","sticky":false,"template":"","format":"standard","meta":{"site-sidebar-layout":"default","site-content-layout":"default","ast-main-header-display":"","ast-hfb-above-header-display":"","ast-hfb-below-header-display":"","ast-hfb-mobile-header-display":"","site-post-title":"disabled","ast-breadcrumbs-content":"","ast-featured-img":"","footer-sml-layout":"","theme-transparent-header-meta":"default","adv-header-id-meta":"","stick-header-meta":"","header-above-stick-meta":"","header-main-stick-meta":"","header-below-stick-meta":"","footnotes":""},"categories":[4],"tags":[],"class_list":["post-144","post","type-post","status-publish","format-standard","hentry","category-roda-dagar"],"_links":{"self":[{"href":"https:\/\/xn--arbetsdagarperr-ulb.se\/fi\/wp-json\/wp\/v2\/posts\/144","targetHints":{"allow":["GET"]}}],"collection":[{"href":"https:\/\/xn--arbetsdagarperr-ulb.se\/fi\/wp-json\/wp\/v2\/posts"}],"about":[{"href":"https:\/\/xn--arbetsdagarperr-ulb.se\/fi\/wp-json\/wp\/v2\/types\/post"}],"author":[{"embeddable":true,"href":"https:\/\/xn--arbetsdagarperr-ulb.se\/fi\/wp-json\/wp\/v2\/users\/1"}],"replies":[{"embeddable":true,"href":"https:\/\/xn--arbetsdagarperr-ulb.se\/fi\/wp-json\/wp\/v2\/comments?post=144"}],"version-history":[{"count":1,"href":"https:\/\/xn--arbetsdagarperr-ulb.se\/fi\/wp-json\/wp\/v2\/posts\/144\/revisions"}],"predecessor-version":[{"id":146,"href":"https:\/\/xn--arbetsdagarperr-ulb.se\/fi\/wp-json\/wp\/v2\/posts\/144\/revisions\/146"}],"wp:attachment":[{"href":"https:\/\/xn--arbetsdagarperr-ulb.se\/fi\/wp-json\/wp\/v2\/media?parent=144"}],"wp:term":[{"taxonomy":"category","embeddable":true,"href":"https:\/\/xn--arbetsdagarperr-ulb.se\/fi\/wp-json\/wp\/v2\/categories?post=144"},{"taxonomy":"post_tag","embeddable":true,"href":"https:\/\/xn--arbetsdagarperr-ulb.se\/fi\/wp-json\/wp\/v2\/tags?post=144"}],"curies":[{"name":"wp","href":"https:\/\/api.w.org\/{rel}","templated":true}]}}