{"id":114,"date":"2021-12-22T19:59:58","date_gmt":"2021-12-22T18:59:58","guid":{"rendered":"https:\/\/xn--arbetsdagarperr-ulb.se\/?p=114"},"modified":"2022-09-09T17:08:30","modified_gmt":"2022-09-09T15:08:30","slug":"nyarsdagen-och-trettondedag-jul","status":"publish","type":"post","link":"https:\/\/xn--arbetsdagarperr-ulb.se\/fi\/punaiset-paivat\/uudenvuodenpaiva-ja-kolmetoista-paiva-joulu\/","title":{"rendered":"uudenvuodenp\u00e4iv\u00e4 ja joulun kolmastoista p\u00e4iv\u00e4"},"content":{"rendered":"<h2><b><img loading=\"lazy\" decoding=\"async\" class=\"aligncenter size-full wp-image-117\" src=\"https:\/\/xn--arbetsdagarperr-ulb.se\/wp-content\/uploads\/2022\/04\/nyarsdagen-trettondedag_jul.jpg\" alt=\"uudenvuodenp\u00e4iv\u00e4 ja joulun kolmastoista p\u00e4iv\u00e4\" width=\"615\" height=\"370\" srcset=\"https:\/\/xn--arbetsdagarperr-ulb.se\/wp-content\/uploads\/2022\/04\/nyarsdagen-trettondedag_jul.jpg 615w, https:\/\/xn--arbetsdagarperr-ulb.se\/wp-content\/uploads\/2022\/04\/nyarsdagen-trettondedag_jul-300x180.jpg 300w\" sizes=\"auto, (max-width: 615px) 100vw, 615px\" \/><\/b><\/h2>\n<h2><\/h2>\n<h2 style=\"text-align: center;\"><b>Uudenvuodenp\u00e4iv\u00e4<\/b><\/h2>\n<p><span style=\"font-weight: 400;\">Uudenvuodenp\u00e4iv\u00e4 on kalenterivuoden ensimm\u00e4inen p\u00e4iv\u00e4. Uutta vuotta vietet\u00e4\u00e4n gregoriaanisen kalenterin mukaan 31. joulukuuta eli uudenvuodenaattona ja tammikuun 1. p\u00e4iv\u00e4n v\u00e4lisen\u00e4 y\u00f6n\u00e4. Uudenvuodenp\u00e4iv\u00e4 on eritt\u00e4in suosittu loma. Sit\u00e4 juhlitaan ilotulituksella, uudenvuodenruoalla ja uudenvuodenjuhlilla. Olemme tehneet uudenvuodenlupauksia viikinkiajasta l\u00e4htien. Tuolloin lupaus annettiin joko tyhjent\u00e4m\u00e4ll\u00e4 s\u00e4rm\u00e4kuppi tai vannomalla villisian sarvea. Nyky\u00e4\u00e4n se on v\u00e4h\u00e4n arkip\u00e4iv\u00e4isempi, mutta monet n\u00e4kev\u00e4t uudenvuodenp\u00e4iv\u00e4n ja siihen liittyv\u00e4t uudenvuodenlupaukset mahdollisuutena aloittaa alusta. Uudenvuoden ruoka ei ole aivan yht\u00e4 hienostunutta kuin muut juhlaruoat, mutta se liittyy yleisemmin ylellisyyteen. Esimerkiksi artisokkakeittoa, Skagen-paahtoleip\u00e4\u00e4, suklaamoussea ja hummeria voimme n\u00e4hd\u00e4 uudenvuoden p\u00f6yd\u00e4ll\u00e4, jota sy\u00f6mme uudenvuodenaattona. Klo 12 ja sen j\u00e4lkeen sytytt\u00e4v\u00e4t ilotulitteet on perinteisesti karkotettava pahoja henki\u00e4. Monet perinteet liittyv\u00e4t hyvin vahvasti perheeseen tai uskontoon. Kuitenkin uudenvuodenp\u00e4iv\u00e4 ja koko uudenvuoden juhla ovat julkisempia. Yleens\u00e4 jaat uudenvuodenp\u00e4iv\u00e4n ja sen juhlan yst\u00e4viesi kanssa. Vanha perinne on my\u00f6s soittaa uutta vuotta, yleens\u00e4 jonkinlaisen yhteisen yleis\u00f6tapahtuman kautta, jossa lasketaan alas uudenvuodenp\u00e4iv\u00e4\u00e4n.\u00a0<\/span><\/p>\n<p>&nbsp;<\/p>\n<h2 style=\"text-align: center;\"><b>loppiainen<\/b><\/h2>\n<p><span style=\"font-weight: 400;\">T\u00e4m\u00e4 p\u00e4iv\u00e4 osuu tammikuun 6. Joulun kolmastoista p\u00e4iv\u00e4 on loma Ruotsissa. T\u00e4m\u00e4 p\u00e4iv\u00e4 on t\u00e4rke\u00e4 Ruotsin kristityille, ja sit\u00e4 vietet\u00e4\u00e4n Jeesuksen ilmestyksen muistoksi, kun kolme viisasta vieraili h\u00e4nen luonaan Betlehemiss\u00e4 h\u00e4nen syntym\u00e4ns\u00e4 j\u00e4lkeen. Luciaan perinteisesti yhdistetyt t\u00e4htipojat esiintyiv\u00e4t alusta alkaen joulun 13. p\u00e4iv\u00e4n juhlissa. Ruotsissa n\u00e4m\u00e4 t\u00e4htipojat vaelsivat kyliss\u00e4 ja n\u00e4yttelij\u00f6iden ymp\u00e4rill\u00e4 raamatullisia tarinoita kolmesta viisasta ja heid\u00e4n matkastaan Betlehemiin. T\u00e4m\u00e4 juna saattoi koostua kolmesta t\u00e4htipojasta, Herodeksesta ja jouluvuohesta, jotka tekiv\u00e4t aggressiivisia purkauksia, jos h\u00e4n ei ollut tyytyv\u00e4inen palkkioon\/tarjouksiin. T\u00e4m\u00e4 n\u00e4htiin leikkis\u00e4n\u00e4 ja hyv\u00e4ksyttyn\u00e4 kerj\u00e4\u00e4misen muotona. Oli tavallista, ett\u00e4 latinalaisten koulujen opiskelijat osallistuivat teatteriin ja k\u00e4yttiv\u00e4t tulot asumiskuluihinsa joululoman aikana. <\/span><\/p>","protected":false},"excerpt":{"rendered":"<p>Uudenvuodenp\u00e4iv\u00e4 Uudenvuodenp\u00e4iv\u00e4 on kalenterivuoden ensimm\u00e4inen p\u00e4iv\u00e4. Uutta vuotta vietet\u00e4\u00e4n gregoriaanisen kalenterin mukaan 31. joulukuuta eli uudenvuodenaattona ja tammikuun 1. p\u00e4iv\u00e4n v\u00e4lisen\u00e4 y\u00f6n\u00e4. Uudenvuodenp\u00e4iv\u00e4 on eritt\u00e4in suosittu loma. Sit\u00e4 juhlitaan ilotulituksella, uudenvuodenruoalla ja uudenvuodenjuhlilla. Olemme tehneet uudenvuodenlupauksia viikinkiajasta l\u00e4htien. Tuolloin lupaus annettiin joko tyhjent\u00e4m\u00e4ll\u00e4 brage cup...<\/p>\n<p class=\"read-more\"> <a class=\"\" href=\"https:\/\/xn--arbetsdagarperr-ulb.se\/fi\/punaiset-paivat\/uudenvuodenpaiva-ja-kolmetoista-paiva-joulu\/\"> <span class=\"screen-reader-text\">uudenvuodenp\u00e4iv\u00e4 ja joulun kolmastoista p\u00e4iv\u00e4<\/span> Lue lis\u00e4\u00e4 &quot;<\/a><\/p>","protected":false},"author":1,"featured_media":0,"comment_status":"closed","ping_status":"open","sticky":false,"template":"","format":"standard","meta":{"site-sidebar-layout":"default","site-content-layout":"default","ast-main-header-display":"","ast-hfb-above-header-display":"","ast-hfb-below-header-display":"","ast-hfb-mobile-header-display":"","site-post-title":"disabled","ast-breadcrumbs-content":"","ast-featured-img":"","footer-sml-layout":"","theme-transparent-header-meta":"default","adv-header-id-meta":"","stick-header-meta":"","header-above-stick-meta":"","header-main-stick-meta":"","header-below-stick-meta":"","footnotes":""},"categories":[4],"tags":[],"class_list":["post-114","post","type-post","status-publish","format-standard","hentry","category-roda-dagar"],"_links":{"self":[{"href":"https:\/\/xn--arbetsdagarperr-ulb.se\/fi\/wp-json\/wp\/v2\/posts\/114","targetHints":{"allow":["GET"]}}],"collection":[{"href":"https:\/\/xn--arbetsdagarperr-ulb.se\/fi\/wp-json\/wp\/v2\/posts"}],"about":[{"href":"https:\/\/xn--arbetsdagarperr-ulb.se\/fi\/wp-json\/wp\/v2\/types\/post"}],"author":[{"embeddable":true,"href":"https:\/\/xn--arbetsdagarperr-ulb.se\/fi\/wp-json\/wp\/v2\/users\/1"}],"replies":[{"embeddable":true,"href":"https:\/\/xn--arbetsdagarperr-ulb.se\/fi\/wp-json\/wp\/v2\/comments?post=114"}],"version-history":[{"count":6,"href":"https:\/\/xn--arbetsdagarperr-ulb.se\/fi\/wp-json\/wp\/v2\/posts\/114\/revisions"}],"predecessor-version":[{"id":6588,"href":"https:\/\/xn--arbetsdagarperr-ulb.se\/fi\/wp-json\/wp\/v2\/posts\/114\/revisions\/6588"}],"wp:attachment":[{"href":"https:\/\/xn--arbetsdagarperr-ulb.se\/fi\/wp-json\/wp\/v2\/media?parent=114"}],"wp:term":[{"taxonomy":"category","embeddable":true,"href":"https:\/\/xn--arbetsdagarperr-ulb.se\/fi\/wp-json\/wp\/v2\/categories?post=114"},{"taxonomy":"post_tag","embeddable":true,"href":"https:\/\/xn--arbetsdagarperr-ulb.se\/fi\/wp-json\/wp\/v2\/tags?post=114"}],"curies":[{"name":"wp","href":"https:\/\/api.w.org\/{rel}","templated":true}]}}