{"id":102,"date":"2020-12-11T12:41:44","date_gmt":"2020-12-11T11:41:44","guid":{"rendered":"https:\/\/xn--arbetsdagarperr-ulb.se\/?p=102"},"modified":"2022-04-11T18:32:52","modified_gmt":"2022-04-11T16:32:52","slug":"paskdagen-och-pingstdagen","status":"publish","type":"post","link":"https:\/\/xn--arbetsdagarperr-ulb.se\/da\/rode-dage\/paske-og-pinsedag\/","title":{"rendered":"p\u00e5skedag og pinsedag"},"content":{"rendered":"<h2><img loading=\"lazy\" decoding=\"async\" class=\"size-full wp-image-103 aligncenter\" src=\"https:\/\/xn--arbetsdagarperr-ulb.se\/wp-content\/uploads\/2022\/04\/paskdagen-pingstdagen.webp\" alt=\"P\u00e5skedag - Pinse\" width=\"945\" height=\"630\" srcset=\"https:\/\/xn--arbetsdagarperr-ulb.se\/wp-content\/uploads\/2022\/04\/paskdagen-pingstdagen.webp 945w, https:\/\/xn--arbetsdagarperr-ulb.se\/wp-content\/uploads\/2022\/04\/paskdagen-pingstdagen-300x200.webp 300w, https:\/\/xn--arbetsdagarperr-ulb.se\/wp-content\/uploads\/2022\/04\/paskdagen-pingstdagen-768x512.webp 768w\" sizes=\"auto, (max-width: 945px) 100vw, 945px\" \/><\/h2>\n<h2><\/h2>\n<h2 style=\"text-align: center;\"><b>P\u00e5skedag<\/b><\/h2>\n<p><span style=\"font-weight: 400;\">P\u00e5skes\u00f8ndag, eller opstandelsens s\u00f8ndag, fejres til minde om Jesu opstandelse. Denne dag falder p\u00e5 s\u00f8ndagen i p\u00e5skeweekenden. P\u00e5skeweekenden har en variabel dato og finder sted p\u00e5 forskellige tidspunkter hvert \u00e5r, mellem 22. marts og 25. april. P\u00e5sken falder den f\u00f8rste s\u00f8ndag efter den f\u00f8rste fuldm\u00e5ne efter for\u00e5rsj\u00e6vnd\u00f8gn.\u00a0<\/span><\/p>\n<p><span style=\"font-weight: 400;\">Denne dag er af allerst\u00f8rste betydning i den kristne kirke, fordi den fejrer Jesu opstandelse efter at v\u00e6re blevet begravet langfredag. P\u00e5skedag er forbundet med gudstjenester og p\u00e5skesalmer. Gudstjenesterne har mange gl\u00e6desudtryk. Hvide tekstiler, liljer og stearinlys, der pryder alteret, er alle forbundet med gl\u00e6de.\u00a0<\/span><\/p>\n<p><span style=\"font-weight: 400;\">P\u00e5skedag fejres i kirken og i det svenske folkehjem. I hjemmene g\u00e5r p\u00e5skemaden varm hele p\u00e5skeweekenden. Der spises \u00e6g, lam, syltet laks, Janssons fristelse og mange andre l\u00e6kkerier. \u00c6g g\u00e5r h\u00e5nd i h\u00e5nd med p\u00e5sken og \u00e6ggene er et symbol p\u00e5 livet, som h\u00e6nger sammen med Jesu opstandelse. \u00c6gget repr\u00e6senterer livet og fra den h\u00e5rde skal, som er et symbol p\u00e5 graven, kommer Jesus frem. Ydermere er farvetemaet gult. Gule dekorationer er overalt i hele p\u00e5skeweekenden. Den gule farve er ogs\u00e5 forbundet med \u00e6gget, eller rettere sagt kyllingen, der kommer fra \u00e6gget.\u00a0<\/span><\/p>\n<p>&nbsp;<\/p>\n<h2 style=\"text-align: center;\"><b>pinse<\/b><\/h2>\n<p><span style=\"font-weight: 400;\">Pinsen falder 10 dage efter Kristi Himmelfartsdag og 7 uger efter p\u00e5ske. Den kristne tradition fejres i kirken. Form\u00e5let er at huske, at Hellig\u00e5nden viste sig for disciplene og dermed ogs\u00e5 dannede den f\u00f8rste kristne kirke. Derfor ses pinsen normalt som kirkens f\u00f8dselsdag. Pinsen kaldes ogs\u00e5 normalt for bortrykkelsens tid. Historisk har pinsen v\u00e6ret centreret om fejringen af kirkebygningen. Kirken er blevet udsmykket med blandt andet l\u00f8vstr\u00f8else og stearinlys. I en endnu \u00e6ldre tradition har pinsen v\u00e6ret en offerdag. Her blev en pinsebrud bragt til kirkestuerne og fra g\u00e5rd til g\u00e5rd for at bede om gaver. Hun var kl\u00e6dt i bryllupst\u00f8j, dog normalt ikke af s\u00e5 god kvalitet som ved et rigtigt bryllup. Traditionen med pinsebrude blev noget kontroversiel, hvilket i dag har en helt anden betydning, da det er almindeligt at blive gift i pinsen. <\/span><\/p>","protected":false},"excerpt":{"rendered":"<p>P\u00e5skes\u00f8ndag P\u00e5skes\u00f8ndag, eller opstandelsens s\u00f8ndag, fejres til minde om Jesu opstandelse. Denne dag falder p\u00e5 s\u00f8ndagen i p\u00e5skeweekenden. P\u00e5skeweekenden har en variabel dato og finder sted p\u00e5 forskellige tidspunkter hvert \u00e5r, mellem 22. marts og 25. april. P\u00e5sken falder den f\u00f8rste s\u00f8ndag efter den f\u00f8rste fuldm\u00e5ne efter for\u00e5rsj\u00e6vnd\u00f8gn. Denne dag er af st\u00f8rste vigtighed...<\/p>\n<p class=\"read-more\"> <a class=\"\" href=\"https:\/\/xn--arbetsdagarperr-ulb.se\/da\/rode-dage\/paske-og-pinsedag\/\"> <span class=\"screen-reader-text\">p\u00e5skedag og pinsedag<\/span> L\u00e6s mere &quot;<\/a><\/p>","protected":false},"author":1,"featured_media":0,"comment_status":"closed","ping_status":"open","sticky":false,"template":"","format":"standard","meta":{"site-sidebar-layout":"default","site-content-layout":"default","ast-main-header-display":"","ast-hfb-above-header-display":"","ast-hfb-below-header-display":"","ast-hfb-mobile-header-display":"","site-post-title":"disabled","ast-breadcrumbs-content":"","ast-featured-img":"","footer-sml-layout":"","theme-transparent-header-meta":"default","adv-header-id-meta":"","stick-header-meta":"","header-above-stick-meta":"","header-main-stick-meta":"","header-below-stick-meta":"","footnotes":""},"categories":[4],"tags":[],"class_list":["post-102","post","type-post","status-publish","format-standard","hentry","category-roda-dagar"],"lnu_short_url":"https:\/\/l.nu\/QTduDK","_links":{"self":[{"href":"https:\/\/xn--arbetsdagarperr-ulb.se\/da\/wp-json\/wp\/v2\/posts\/102","targetHints":{"allow":["GET"]}}],"collection":[{"href":"https:\/\/xn--arbetsdagarperr-ulb.se\/da\/wp-json\/wp\/v2\/posts"}],"about":[{"href":"https:\/\/xn--arbetsdagarperr-ulb.se\/da\/wp-json\/wp\/v2\/types\/post"}],"author":[{"embeddable":true,"href":"https:\/\/xn--arbetsdagarperr-ulb.se\/da\/wp-json\/wp\/v2\/users\/1"}],"replies":[{"embeddable":true,"href":"https:\/\/xn--arbetsdagarperr-ulb.se\/da\/wp-json\/wp\/v2\/comments?post=102"}],"version-history":[{"count":5,"href":"https:\/\/xn--arbetsdagarperr-ulb.se\/da\/wp-json\/wp\/v2\/posts\/102\/revisions"}],"predecessor-version":[{"id":128,"href":"https:\/\/xn--arbetsdagarperr-ulb.se\/da\/wp-json\/wp\/v2\/posts\/102\/revisions\/128"}],"wp:attachment":[{"href":"https:\/\/xn--arbetsdagarperr-ulb.se\/da\/wp-json\/wp\/v2\/media?parent=102"}],"wp:term":[{"taxonomy":"category","embeddable":true,"href":"https:\/\/xn--arbetsdagarperr-ulb.se\/da\/wp-json\/wp\/v2\/categories?post=102"},{"taxonomy":"post_tag","embeddable":true,"href":"https:\/\/xn--arbetsdagarperr-ulb.se\/da\/wp-json\/wp\/v2\/tags?post=102"}],"curies":[{"name":"wp","href":"https:\/\/api.w.org\/{rel}","templated":true}]}}